{"id":1685,"date":"2024-03-29T17:21:50","date_gmt":"2024-03-29T16:21:50","guid":{"rendered":"https:\/\/tussyke.de\/Hachelauf\/?p=1685"},"modified":"2024-05-01T15:27:52","modified_gmt":"2024-05-01T13:27:52","slug":"ziel-in-acht-wochen-fit-fuer-den-hachelauf","status":"publish","type":"post","link":"https:\/\/tussyke.de\/Hachelauf\/2024\/03\/29\/ziel-in-acht-wochen-fit-fuer-den-hachelauf\/","title":{"rendered":"Ziel: In acht Wochen fit f\u00fcr den Hachelauf"},"content":{"rendered":"<p class=\"id-StoryElement-leadText\">Der Lauftreff des TuS Syke will Neulinge fit f\u00fcr den Hachelauf machen. Daf\u00fcr gibt es f\u00fcr jeden einen Trainingsplan. Los geht\u2018s am 11. M\u00e4rz.<\/p>\n<p class=\"id-StoryElement-paragraph\">Syke \u2013 Der Countdown l\u00e4uft \u2013 wer l\u00e4uft mit? In zehn Wochen wird die Syker Innenstadt wieder zur Laufstrecke: Bei der mittlerweile vierten Ausgabe des\u00a0<a class=\"id-import-Link\" href=\"https:\/\/www.kreiszeitung.de\/lokales\/diepholz\/syke-ort44535\/innenstadt-tausende-stroemen-fuer-den-dritten-syker-hachelauf-in-die-92277509.html\" data-id-ec=\"{&quot;sht&quot;:&quot;Container&quot;,&quot;shn&quot;:&quot;Story&quot;,&quot;p&quot;:{&quot;containerType&quot;:&quot;Paragraph&quot;,&quot;displayType&quot;:&quot;Paragraph InlineLink&quot;,&quot;type&quot;:&quot;INLINE_LINK&quot;,&quot;value&quot;:&quot;Hachelaufs&quot;,&quot;variant&quot;:&quot;standardLink&quot;,&quot;sponsored&quot;:false,&quot;storyElementPosition&quot;:8,&quot;storyElementCount&quot;:20}}\" data-id-em=\"1\">Hachelaufs<\/a>\u00a0am Samstag, 11. Mai, werden mehr als 1000 Sportlerinnen und Sportler erwartet. Und wenn es nach den Organisatoren der Gruppe \u201eLaufzeit\u201c vom TuS Syke geht, werden einige Akteure an diesem Tag dabei sein, die heute noch gar nichts von ihrem Gl\u00fcck wissen. Joachim Keese und Mirco Ke\u00dfler wollen Lauf-Neulinge in acht Wochen fit machen f\u00fcr den F\u00fcnf-Kilometer-Lauf durch Syke.<\/p>\n<div id=\"cQFFuCjwa\" class=\"IRlMWQvBgV id-StoryElement-list\"><a href=\"https:\/\/www.kreiszeitung.de\/lokales\/diepholz\/syke-ort44535\/ziel-in-acht-wochen-fit-fuer-den-hachelauf-92865400.html\">Weiterlesen &#8230;<\/a><\/div>\n<div><\/div>\n<div>Artikel in der Kreiszeitung<\/div>\n","protected":false},"excerpt":{"rendered":"<p>Der Lauftreff des TuS Syke will Neulinge fit f\u00fcr den Hachelauf machen. Daf\u00fcr gibt es f\u00fcr jeden einen Trainingsplan. Los geht\u2018s am 11. M\u00e4rz. Syke \u2013 Der Countdown l\u00e4uft \u2013 wer l\u00e4uft mit? In zehn Wochen wird die Syker Innenstadt wieder zur Laufstrecke: Bei der mittlerweile vierten Ausgabe des\u00a0Hachelaufs\u00a0am Samstag, 11. Mai, werden mehr als&hellip; <br \/> <a class=\"button small blue\" href=\"https:\/\/tussyke.de\/Hachelauf\/2024\/03\/29\/ziel-in-acht-wochen-fit-fuer-den-hachelauf\/\">Weiterlesen<\/a><\/p>\n","protected":false},"author":2,"featured_media":0,"comment_status":"closed","ping_status":"closed","sticky":false,"template":"","format":"standard","meta":{"footnotes":""},"categories":[6,4],"tags":[],"class_list":["post-1685","post","type-post","status-publish","format-standard","hentry","category-news","category-presse"],"_links":{"self":[{"href":"https:\/\/tussyke.de\/Hachelauf\/wp-json\/wp\/v2\/posts\/1685","targetHints":{"allow":["GET"]}}],"collection":[{"href":"https:\/\/tussyke.de\/Hachelauf\/wp-json\/wp\/v2\/posts"}],"about":[{"href":"https:\/\/tussyke.de\/Hachelauf\/wp-json\/wp\/v2\/types\/post"}],"author":[{"embeddable":true,"href":"https:\/\/tussyke.de\/Hachelauf\/wp-json\/wp\/v2\/users\/2"}],"replies":[{"embeddable":true,"href":"https:\/\/tussyke.de\/Hachelauf\/wp-json\/wp\/v2\/comments?post=1685"}],"version-history":[{"count":2,"href":"https:\/\/tussyke.de\/Hachelauf\/wp-json\/wp\/v2\/posts\/1685\/revisions"}],"predecessor-version":[{"id":1687,"href":"https:\/\/tussyke.de\/Hachelauf\/wp-json\/wp\/v2\/posts\/1685\/revisions\/1687"}],"wp:attachment":[{"href":"https:\/\/tussyke.de\/Hachelauf\/wp-json\/wp\/v2\/media?parent=1685"}],"wp:term":[{"taxonomy":"category","embeddable":true,"href":"https:\/\/tussyke.de\/Hachelauf\/wp-json\/wp\/v2\/categories?post=1685"},{"taxonomy":"post_tag","embeddable":true,"href":"https:\/\/tussyke.de\/Hachelauf\/wp-json\/wp\/v2\/tags?post=1685"}],"curies":[{"name":"wp","href":"https:\/\/api.w.org\/{rel}","templated":true}]}}