{"id":1994,"date":"2026-04-06T19:38:44","date_gmt":"2026-04-06T17:38:44","guid":{"rendered":"https:\/\/tussyke.de\/Hachelauf\/?p=1994"},"modified":"2026-04-13T19:40:59","modified_gmt":"2026-04-13T17:40:59","slug":"neue-streckenfuehrung-mit-begegnungsverkehr","status":"publish","type":"post","link":"https:\/\/tussyke.de\/Hachelauf\/2026\/04\/06\/neue-streckenfuehrung-mit-begegnungsverkehr\/","title":{"rendered":"Neue Streckenf\u00fchrung mit Begegnungsverkehr"},"content":{"rendered":"<p class=\"id-StoryElement-leadText\">Der Hachelauf 2026 bekommt eine neue Streckenf\u00fchrung. Die D\u00f6nermeile wird umgangen, daf\u00fcr geht es erstmals durch den Europagarten.<\/p>\n<p class=\"id-StoryElement-paragraph\">Syke \u2013 F\u00fcr das Organisatoren-Team des TuS\u00a0<a class=\"id-import-Link\" title=\"Syke\" href=\"https:\/\/www.kreiszeitung.de\/lokales\/diepholz\/syke-ort44535\/\" data-id-ec=\"{&quot;sht&quot;:&quot;Container&quot;,&quot;shn&quot;:&quot;Story&quot;,&quot;p&quot;:{&quot;containerType&quot;:&quot;Paragraph&quot;,&quot;displayType&quot;:&quot;Paragraph InlineLink&quot;,&quot;type&quot;:&quot;INLINE_LINK&quot;,&quot;value&quot;:&quot;Syke&quot;,&quot;variant&quot;:&quot;standardLink&quot;,&quot;sponsored&quot;:false,&quot;linkHref&quot;:&quot;https:\/\/www.kreiszeitung.de\/lokales\/diepholz\/syke-ort44535\/&quot;,&quot;storyElementPosition&quot;:8,&quot;storyElementCount&quot;:23}}\">Syke<\/a>\u00a0naht beim Marathon-Projekt Hachelauf der Endspurt: Seit Monaten laufen die Vorbereitungen; nur noch wenige Wochen, dann wird die Innenstadt wieder von Tausenden L\u00e4ufern und Zuschauern in Beschlag genommen. Am 9. Mai f\u00e4llt der Startschuss f\u00fcr die mittlerweile sechste Ausgabe des Syker Hachelaufs. Und wie in jedem Jahr gibt es \u00c4nderungen, Neuerungen \u2013 und f\u00fcr die Macher zahllose Dinge zu beachten.<\/p>\n<p><a href=\"https:\/\/www.kreiszeitung.de\/lokales\/diepholz\/syke-ort44535\/hachelauf-syke-neue-streckenfuehrung-mit-begegnungsverkehr-94250343.html\">WEITERLESEN &#8230;<\/a><\/p>\n","protected":false},"excerpt":{"rendered":"<p>Der Hachelauf 2026 bekommt eine neue Streckenf\u00fchrung. Die D\u00f6nermeile wird umgangen, daf\u00fcr geht es erstmals durch den Europagarten. Syke \u2013 F\u00fcr das Organisatoren-Team des TuS\u00a0Syke\u00a0naht beim Marathon-Projekt Hachelauf der Endspurt: Seit Monaten laufen die Vorbereitungen; nur noch wenige Wochen, dann wird die Innenstadt wieder von Tausenden L\u00e4ufern und Zuschauern in Beschlag genommen. Am 9. Mai&hellip; <br \/> <a class=\"button small blue\" href=\"https:\/\/tussyke.de\/Hachelauf\/2026\/04\/06\/neue-streckenfuehrung-mit-begegnungsverkehr\/\">Weiterlesen<\/a><\/p>\n","protected":false},"author":2,"featured_media":0,"comment_status":"closed","ping_status":"closed","sticky":false,"template":"","format":"standard","meta":{"footnotes":""},"categories":[6,4],"tags":[],"class_list":["post-1994","post","type-post","status-publish","format-standard","hentry","category-news","category-presse"],"_links":{"self":[{"href":"https:\/\/tussyke.de\/Hachelauf\/wp-json\/wp\/v2\/posts\/1994","targetHints":{"allow":["GET"]}}],"collection":[{"href":"https:\/\/tussyke.de\/Hachelauf\/wp-json\/wp\/v2\/posts"}],"about":[{"href":"https:\/\/tussyke.de\/Hachelauf\/wp-json\/wp\/v2\/types\/post"}],"author":[{"embeddable":true,"href":"https:\/\/tussyke.de\/Hachelauf\/wp-json\/wp\/v2\/users\/2"}],"replies":[{"embeddable":true,"href":"https:\/\/tussyke.de\/Hachelauf\/wp-json\/wp\/v2\/comments?post=1994"}],"version-history":[{"count":1,"href":"https:\/\/tussyke.de\/Hachelauf\/wp-json\/wp\/v2\/posts\/1994\/revisions"}],"predecessor-version":[{"id":1995,"href":"https:\/\/tussyke.de\/Hachelauf\/wp-json\/wp\/v2\/posts\/1994\/revisions\/1995"}],"wp:attachment":[{"href":"https:\/\/tussyke.de\/Hachelauf\/wp-json\/wp\/v2\/media?parent=1994"}],"wp:term":[{"taxonomy":"category","embeddable":true,"href":"https:\/\/tussyke.de\/Hachelauf\/wp-json\/wp\/v2\/categories?post=1994"},{"taxonomy":"post_tag","embeddable":true,"href":"https:\/\/tussyke.de\/Hachelauf\/wp-json\/wp\/v2\/tags?post=1994"}],"curies":[{"name":"wp","href":"https:\/\/api.w.org\/{rel}","templated":true}]}}